{"id":14341,"date":"2026-04-26T17:44:28","date_gmt":"2026-04-26T17:44:28","guid":{"rendered":"https:\/\/tribunadanoticia.com.br\/blog\/?p=14341"},"modified":"2026-04-26T17:44:28","modified_gmt":"2026-04-26T17:44:28","slug":"bella-vita-hotel-e-inaugurado-com-muito-sucesso-e-agora-oferece-um-novo-conceito-em-hotelaria-em-reserva-e-regiao","status":"publish","type":"post","link":"https:\/\/tribunadanoticia.com.br\/blog\/2026\/04\/26\/bella-vita-hotel-e-inaugurado-com-muito-sucesso-e-agora-oferece-um-novo-conceito-em-hotelaria-em-reserva-e-regiao\/","title":{"rendered":"Bella Vita Hotel \u00e9 inaugurado com muito sucesso e agora oferece um novo conceito em hotelaria em Reserva e regi\u00e3o"},"content":{"rendered":"<div class=\"wp-block-image\">\n<figure class=\"aligncenter size-full\"><img loading=\"lazy\" decoding=\"async\" width=\"400\" height=\"387\" src=\"https:\/\/tribunadanoticia.com.br\/blog\/wp-content\/uploads\/2026\/04\/Bella-Vita-Hotel.jpg\" alt=\"\" class=\"wp-image-14342\" srcset=\"https:\/\/tribunadanoticia.com.br\/blog\/wp-content\/uploads\/2026\/04\/Bella-Vita-Hotel.jpg 400w, https:\/\/tribunadanoticia.com.br\/blog\/wp-content\/uploads\/2026\/04\/Bella-Vita-Hotel-300x290.jpg 300w\" sizes=\"auto, (max-width: 400px) 100vw, 400px\" \/><\/figure>\n<\/div>\n\n\n<p>Mais um grande empreendimento foi inaugurado aqui em Reserva na noite da \u00faltima sexta- feira, (24) o Bella Vita Hotel um novo conceito em hotelaria, refer\u00eancia em hospedagem em toda a regi\u00e3o que nasceu para acolher e que cada pessoa se sinta em casa.<\/p>\n\n\n\n<p>Na oportunidade, um momento \u00fanico da realiza\u00e7\u00e3o de um sonho o empreendedor Aleixo Lopata, a esposa Marinez Ueque Lopata, as filhas, a m\u00e9dica Let\u00edcia Lopata, Ana Lopata e o filho Leonardo Shigueo recepcionaram convidados entre eles familiares, amigos, autoridades, empres\u00e1rios, lideran\u00e7as religiosas, pessoas da comunidade reservense e de toda a regi\u00e3o.<\/p>\n\n\n\n<p>Participaram da Cerim\u00f4nia de inaugura\u00e7\u00e3o do Bella Vitta Hotel o prefeito municipal de Reserva, Lucas Machado Ribeiro acompanhado da primeira dama, Gabriela Szeremeta, vice- prefeita Ana Maria Pachalki, vereadores: Bruno Lemes, Eleandro Santos e Jos\u00e9 Roberto Szeremeta ,(presidente da C\u00e2mara Municipal).<\/p>\n\n\n\n<p>O evento tamb\u00e9m foi prestigiado pela imprensa local, pelo deputado estadual Marcelo Rangel, deputada estadual Mabel Canto, apresentador de TV e ex- deputado Jocelito Canto, o ex- deputado Ant\u00f4nio Anibelli, o prefeito de Borraz\u00f3polis, Adilson Lucchetti, (Didi). Os padres: Janescleo, (Par\u00f3quia Menino Jesus), Ricardo Ternovski, (Par\u00f3quia Nossa Senhora do Perp\u00e9tuo Socorro do Rito Ucraniano) e a pastora Bernardete Eidam Szeremeta, (Igreja Quadrangular) fizeram o trabalho religioso.<\/p>\n\n\n\n<p>O Bella Vita \u00e9 um hotel de alto padr\u00e3o com uma \u00e1rea constru\u00edda de 3 mil metros quadrados contando com materiais modernos e atuais para oferecer aos clientes um ambiente com muita seguran\u00e7a, tranquilidade e conforto.<\/p>\n\n\n\n<p>O Bella Vita Hotel conta com estacionamento coberto, uma ampla e elegante sala de recep\u00e7\u00e3o, quartos com m\u00f3veis planejados e eletrodom\u00e9sticos modernos, todos os ambientes climatizados e um sal\u00e3o com 300 metros quadrados para realiza\u00e7\u00e3o de eventos: festas de anivers\u00e1rios, cerim\u00f4nias de casamentos e reuni\u00f5es de neg\u00f3cios.<\/p>\n\n\n\n<p>O Bella Vita Hotel nasceu para acolher todos os reservenses, os visitantes da nossa cidade e est\u00e1 situado na Rua Marechal Floriano Peixoto, n\u00ba: 673, Centro. A empresa disponibiliza o telefone: (42) 3121-1010 (WhatsApp).<\/p>\n\n\n\n<p>Parab\u00e9ns ao empres\u00e1rio Aleixo Lopata, a sua esposa Marin\u00eas Ueque Lopata e todos os seus familiares por mais uma vez acreditarem em nossa cidade realizando esse grande e importante investimento.<\/p>\n\n\n<div class=\"wp-block-image\">\n<figure class=\"aligncenter size-full\"><img loading=\"lazy\" decoding=\"async\" width=\"400\" height=\"301\" src=\"https:\/\/tribunadanoticia.com.br\/blog\/wp-content\/uploads\/2026\/04\/inauguracao-do-hotel-bella-vita.jpg\" alt=\"\" class=\"wp-image-14343\" srcset=\"https:\/\/tribunadanoticia.com.br\/blog\/wp-content\/uploads\/2026\/04\/inauguracao-do-hotel-bella-vita.jpg 400w, https:\/\/tribunadanoticia.com.br\/blog\/wp-content\/uploads\/2026\/04\/inauguracao-do-hotel-bella-vita-300x226.jpg 300w\" sizes=\"auto, (max-width: 400px) 100vw, 400px\" \/><\/figure>\n<\/div>\n\n\n<p>O empres\u00e1rio Aleixo Lopata, os seus familiares e lideran\u00e7as religiosas durante a inaugura\u00e7\u00e3o do empreendimento.<\/p>\n\n\n<div class=\"wp-block-image\">\n<figure class=\"aligncenter size-full\"><img loading=\"lazy\" decoding=\"async\" width=\"400\" height=\"301\" src=\"https:\/\/tribunadanoticia.com.br\/blog\/wp-content\/uploads\/2026\/04\/inaguracao-do-hotel-bella-vita-2.jpg\" alt=\"\" class=\"wp-image-14344\" srcset=\"https:\/\/tribunadanoticia.com.br\/blog\/wp-content\/uploads\/2026\/04\/inaguracao-do-hotel-bella-vita-2.jpg 400w, https:\/\/tribunadanoticia.com.br\/blog\/wp-content\/uploads\/2026\/04\/inaguracao-do-hotel-bella-vita-2-300x226.jpg 300w\" sizes=\"auto, (max-width: 400px) 100vw, 400px\" \/><\/figure>\n<\/div>\n\n\n<p>A inaugura\u00e7\u00e3o do Bella Vita Hotel foi muito prestigiada pelos reservenses e pessoas da regi\u00e3o.<\/p>\n\n\n\n<p>Confira mais fotos do evento na p\u00e1gina do Jornal Tribuna da Not\u00edcia no facebook.<\/p>\n","protected":false},"excerpt":{"rendered":"<p>Mais um grande empreendimento foi inaugurado aqui em Reserva na noite da \u00faltima sexta- feira, (24) o Bella Vita Hotel um novo conceito em hotelaria, refer\u00eancia em hospedagem em toda a regi\u00e3o que nasceu para acolher e que cada pessoa se sinta em casa. Na oportunidade, um momento \u00fanico da realiza\u00e7\u00e3o de um sonho o [&hellip;]<\/p>\n","protected":false},"author":2,"featured_media":14342,"comment_status":"open","ping_status":"open","sticky":false,"template":"","format":"standard","meta":{"footnotes":""},"categories":[14],"tags":[772,1099,1396,1779],"class_list":["post-14341","post","type-post","status-publish","format-standard","has-post-thumbnail","hentry","category-empresas","tag-empresas","tag-inauguracao","tag-noticias","tag-reserva-pr"],"_links":{"self":[{"href":"https:\/\/tribunadanoticia.com.br\/blog\/wp-json\/wp\/v2\/posts\/14341","targetHints":{"allow":["GET"]}}],"collection":[{"href":"https:\/\/tribunadanoticia.com.br\/blog\/wp-json\/wp\/v2\/posts"}],"about":[{"href":"https:\/\/tribunadanoticia.com.br\/blog\/wp-json\/wp\/v2\/types\/post"}],"author":[{"embeddable":true,"href":"https:\/\/tribunadanoticia.com.br\/blog\/wp-json\/wp\/v2\/users\/2"}],"replies":[{"embeddable":true,"href":"https:\/\/tribunadanoticia.com.br\/blog\/wp-json\/wp\/v2\/comments?post=14341"}],"version-history":[{"count":-4,"href":"https:\/\/tribunadanoticia.com.br\/blog\/wp-json\/wp\/v2\/posts\/14341\/revisions"}],"wp:featuredmedia":[{"embeddable":true,"href":"https:\/\/tribunadanoticia.com.br\/blog\/wp-json\/wp\/v2\/media\/14342"}],"wp:attachment":[{"href":"https:\/\/tribunadanoticia.com.br\/blog\/wp-json\/wp\/v2\/media?parent=14341"}],"wp:term":[{"taxonomy":"category","embeddable":true,"href":"https:\/\/tribunadanoticia.com.br\/blog\/wp-json\/wp\/v2\/categories?post=14341"},{"taxonomy":"post_tag","embeddable":true,"href":"https:\/\/tribunadanoticia.com.br\/blog\/wp-json\/wp\/v2\/tags?post=14341"}],"curies":[{"name":"wp","href":"https:\/\/api.w.org\/{rel}","templated":true}]}}