{"id":14351,"date":"2026-04-28T01:24:16","date_gmt":"2026-04-28T01:24:16","guid":{"rendered":"https:\/\/tribunadanoticia.com.br\/blog\/?p=14351"},"modified":"2026-04-28T01:24:16","modified_gmt":"2026-04-28T01:24:16","slug":"assembleia-legislativa-debate-formas-de-combater-a-violencia-em-competicoes-esportivas-infantojuvenis","status":"publish","type":"post","link":"https:\/\/tribunadanoticia.com.br\/blog\/2026\/04\/28\/assembleia-legislativa-debate-formas-de-combater-a-violencia-em-competicoes-esportivas-infantojuvenis\/","title":{"rendered":"Assembleia Legislativa debate formas de combater a viol\u00eancia em competi\u00e7\u00f5es esportivas infantojuvenis"},"content":{"rendered":"<div class=\"wp-block-image\">\n<figure class=\"aligncenter size-full\"><img loading=\"lazy\" decoding=\"async\" width=\"400\" height=\"320\" src=\"https:\/\/tribunadanoticia.com.br\/blog\/wp-content\/uploads\/2026\/04\/Politica-1.jpg\" alt=\"\" class=\"wp-image-14352\" srcset=\"https:\/\/tribunadanoticia.com.br\/blog\/wp-content\/uploads\/2026\/04\/Politica-1.jpg 400w, https:\/\/tribunadanoticia.com.br\/blog\/wp-content\/uploads\/2026\/04\/Politica-1-300x240.jpg 300w\" sizes=\"auto, (max-width: 400px) 100vw, 400px\" \/><\/figure>\n<\/div>\n\n\n<p>Audi\u00eancia p\u00fablica proposta pelo deputado Evandro Ara\u00fajo (PSD) discutiu propostas para aprimorar projeto de lei em tramita\u00e7\u00e3o<\/p>\n\n\n\n<p>A Assembleia Legislativa do Paran\u00e1 realizou, na manh\u00e3 desta segunda-feira (27), a audi\u00eancia p\u00fablica \u201cCombate \u00e0 Viol\u00eancia no Desporto Infantojuvenil\u201d, reunindo educadores e especialistas no tema. Proposto pelo deputado Evandro Ara\u00fajo (PSD), o encontro serviu como uma importante troca de informa\u00e7\u00f5es entre profissionais ligados ao esporte nessa faixa et\u00e1ria e contribuiu para o aprimoramento do projeto de lei sobre o assunto apresentado pelo parlamentar.<\/p>\n\n\n\n<p>\u201cComo presidente da Comiss\u00e3o da Crian\u00e7a, do Adolescente e da Pessoa com Defici\u00eancia, tenho recebido provoca\u00e7\u00f5es acerca desse tema do projeto, que \u00e9 de minha autoria, e trata da viol\u00eancia no \u00e2mbito das competi\u00e7\u00f5es infantojuvenis. As crian\u00e7as est\u00e3o l\u00e1 disputando essas competi\u00e7\u00f5es e a gente percebe que o que deveria ser uma competi\u00e7\u00e3o saud\u00e1vel, l\u00fadica, uma experi\u00eancia pedag\u00f3gica bonita, de forma\u00e7\u00e3o, acaba se tornando uma experi\u00eancia constrangedora e violenta para a crian\u00e7a\u201d, afirma o deputado.<\/p>\n\n\n\n<p>Diante desse quadro, Ara\u00fajo apresentou o Projeto de Lei n\u00ba 990\/2025, que j\u00e1 foi aprovado pelas comiss\u00f5es de Constitui\u00e7\u00e3o e Justi\u00e7a e de Esportes da Casa. A proposta institui diretrizes para a Pol\u00edtica Estadual de Preven\u00e7\u00e3o e Combate \u00e0 Viol\u00eancia em Competi\u00e7\u00f5es Esportivas Infantojuvenis, destinada a garantir um ambiente seguro, respeitoso, educativo e saud\u00e1vel para crian\u00e7as e adolescentes participantes de eventos esportivos em todo o estado.<\/p>\n\n\n\n<p>De acordo com o deputado, os jovens muitas vezes s\u00e3o submetidos a situa\u00e7\u00f5es humilhantes, sendo alvo de xingamentos ou mesmo de cobran\u00e7as exageradas vindas das arquibancadas.<\/p>\n\n\n\n<p>\u201cO adulto muitas vezes traz as suas frustra\u00e7\u00f5es, os seus sonhos, as suas expectativas para dentro do ambiente da quadra esportiva, da arquibancada, e h\u00e1 gritaria, xingamentos, enfrentamentos e, \u00e0s vezes, at\u00e9 enfrentamento f\u00edsico entre pais e respons\u00e1veis, na rela\u00e7\u00e3o com o t\u00e9cnico do time ou com o advers\u00e1rio. Estamos criando um ambiente que n\u00e3o \u00e9 saud\u00e1vel, que n\u00e3o \u00e9 bom para crian\u00e7as e adolescentes. Ent\u00e3o, n\u00f3s resolvemos levantar esse assunto\u201d, complementa, destacando que a gravidade dessa situa\u00e7\u00e3o impacta at\u00e9 mesmo a forma de organiza\u00e7\u00e3o das competi\u00e7\u00f5es de crian\u00e7as e jovens.<\/p>\n\n\n\n<p>\u201cRecentemente, a Federa\u00e7\u00e3o Paulista de Futebol tomou a decis\u00e3o de proibir a presen\u00e7a de pais por seis meses em competi\u00e7\u00f5es de futebol sub-9, sub-10 e sub-11, justamente por esses epis\u00f3dios que t\u00eam se tornado algo muito triste no ambiente dessas competi\u00e7\u00f5es. Claro que \u00e9 normal a rivalidade dentro de uma perspectiva de competi\u00e7\u00e3o saud\u00e1vel. Mas o que acontece hoje \u00e9 ruim para as crian\u00e7as. A gente percebe que o excesso \u00e9 o que est\u00e1 predominando, e esse excesso est\u00e1 causando viol\u00eancia. Eu vi relatos de crian\u00e7as dizendo que s\u00f3 queriam se divertir, mas aquela divers\u00e3o passou e ficou a obriga\u00e7\u00e3o de ter desempenho, a proibi\u00e7\u00e3o de errar, a expectativa de uma performance que n\u00e3o \u00e9 pr\u00f3pria da idade da crian\u00e7a\u201d, disse Ara\u00fajo.<\/p>\n\n\n\n<p>Com a audi\u00eancia p\u00fablica, o deputado pretende estimular o debate e ampliar a participa\u00e7\u00e3o da sociedade, inclusive para aprimorar o projeto de lei.<\/p>\n\n\n\n<p>\u201cA gente quer a contribui\u00e7\u00e3o da sociedade. Aqui est\u00e3o atores que discutem essa tem\u00e1tica do esporte, da educa\u00e7\u00e3o f\u00edsica, e tamb\u00e9m da inf\u00e2ncia, para a gente chegar a um acordo, tentar construir um texto que possa contribuir para essa realidade no Paran\u00e1. \u00c9 isso que queremos fazer com esse debate. At\u00e9 porque \u00e9 um projeto que j\u00e1 est\u00e1 tramitando, mas ainda n\u00e3o foi aprovado em plen\u00e1rio e pode ser aprimorado\u201d, conclui.<\/p>\n\n\n\n<p>Somar for\u00e7as<\/p>\n\n\n\n<p>Para a supervisora do esporte escolar da Secretaria de Esportes do Paran\u00e1, Marcia Tomadon Moreira, o problema s\u00f3 ser\u00e1 resolvido a partir da uni\u00e3o de todos os envolvidos nas competi\u00e7\u00f5es esportivas entre crian\u00e7as e adolescentes.<\/p>\n\n\n\n<p>\u201cEsta \u00e9 uma discuss\u00e3o important\u00edssima, visto que a gente vive um mundo bastante dif\u00edcil hoje. Discutir a viol\u00eancia, em todas as suas formas, \u00e9 fundamental para somarmos for\u00e7as e conseguirmos construir um projeto que chegue at\u00e9 as nossas crian\u00e7as, para que possamos combater esse obst\u00e1culo de frente. Precisamos fazer com que crian\u00e7as e adolescentes entendam que isso n\u00e3o leva a nada, n\u00e3o leva a lugar nenhum\u201d, explica, elogiando a iniciativa do Parlamento em debater o tema e buscar solu\u00e7\u00f5es para o problema.<\/p>\n\n\n\n<p>\u201cEu acho que o esporte tem uma fun\u00e7\u00e3o importante nesse sentido, que \u00e9 o combate \u00e0 viol\u00eancia. E precisamos apoiar isso. Fico bastante feliz que essa iniciativa venha tamb\u00e9m da Assembleia, que se fortale\u00e7a e se torne institucional em todas as secretarias. Procuramos, dentro do esporte, mostrar que o que vale mesmo s\u00e3o as boas virtudes e que ganhar ou perder seja um aprendizado para a vida toda. Infelizmente, vivemos esse cen\u00e1rio e temos o desafio de fazer com que as pessoas entendam que aquilo \u00e9 apenas um evento esportivo, que vai acabar e, depois, todos devem permanecer bem e tranquilos\u201d, complementa.<\/p>\n\n\n\n<p>A audi\u00eancia p\u00fablica contou ainda com a participa\u00e7\u00e3o da professora do Departamento de Educa\u00e7\u00e3o F\u00edsica da UFPR, Adriana In\u00eas de Paula; da presidente da Comiss\u00e3o de Direitos da Crian\u00e7a da OAB\/PR, Ana Lucia Munhoz de Oliveira; do diretor do Departamento de Esporte da Secretaria Municipal de Esporte, Lazer e Juventude de Curitiba (SMELJ), Jos\u00e9 Severiano Machado Netto; do vice-presidente do Conselho Regional de Educa\u00e7\u00e3o F\u00edsica da 9\u00aa Regi\u00e3o \u2013 Estado do Paran\u00e1 (CREF9\/PR), Guilherme Stival Gaspari; da defensora p\u00fablica Gabriela Ruzzene, do N\u00facleo Especializado da Inf\u00e2ncia e Juventude da Defensoria P\u00fablica do Paran\u00e1; e de Paulo Schmitt, ex-procurador-geral do Superior Tribunal de Justi\u00e7a Desportiva, que contribu\u00edram com sugest\u00f5es para o enfrentamento do problema.<\/p>\n\n\n\n<p class=\"has-text-align-right\">Assessoria com informa\u00e7\u00f5es da ALEP<\/p>\n\n\n\n<p><\/p>\n","protected":false},"excerpt":{"rendered":"<p>Audi\u00eancia p\u00fablica proposta pelo deputado Evandro Ara\u00fajo (PSD) discutiu propostas para aprimorar projeto de lei em tramita\u00e7\u00e3o A Assembleia Legislativa do Paran\u00e1 realizou, na manh\u00e3 desta segunda-feira (27), a audi\u00eancia p\u00fablica \u201cCombate \u00e0 Viol\u00eancia no Desporto Infantojuvenil\u201d, reunindo educadores e especialistas no tema. Proposto pelo deputado Evandro Ara\u00fajo (PSD), o encontro serviu como uma importante [&hellip;]<\/p>\n","protected":false},"author":2,"featured_media":14352,"comment_status":"open","ping_status":"open","sticky":false,"template":"","format":"standard","meta":{"footnotes":""},"categories":[34],"tags":[2308,1496,1582],"class_list":["post-14351","post","type-post","status-publish","format-standard","has-post-thumbnail","hentry","category-politica","tag-noticia","tag-parana","tag-politica"],"_links":{"self":[{"href":"https:\/\/tribunadanoticia.com.br\/blog\/wp-json\/wp\/v2\/posts\/14351","targetHints":{"allow":["GET"]}}],"collection":[{"href":"https:\/\/tribunadanoticia.com.br\/blog\/wp-json\/wp\/v2\/posts"}],"about":[{"href":"https:\/\/tribunadanoticia.com.br\/blog\/wp-json\/wp\/v2\/types\/post"}],"author":[{"embeddable":true,"href":"https:\/\/tribunadanoticia.com.br\/blog\/wp-json\/wp\/v2\/users\/2"}],"replies":[{"embeddable":true,"href":"https:\/\/tribunadanoticia.com.br\/blog\/wp-json\/wp\/v2\/comments?post=14351"}],"version-history":[{"count":-4,"href":"https:\/\/tribunadanoticia.com.br\/blog\/wp-json\/wp\/v2\/posts\/14351\/revisions"}],"wp:featuredmedia":[{"embeddable":true,"href":"https:\/\/tribunadanoticia.com.br\/blog\/wp-json\/wp\/v2\/media\/14352"}],"wp:attachment":[{"href":"https:\/\/tribunadanoticia.com.br\/blog\/wp-json\/wp\/v2\/media?parent=14351"}],"wp:term":[{"taxonomy":"category","embeddable":true,"href":"https:\/\/tribunadanoticia.com.br\/blog\/wp-json\/wp\/v2\/categories?post=14351"},{"taxonomy":"post_tag","embeddable":true,"href":"https:\/\/tribunadanoticia.com.br\/blog\/wp-json\/wp\/v2\/tags?post=14351"}],"curies":[{"name":"wp","href":"https:\/\/api.w.org\/{rel}","templated":true}]}}