{"id":14355,"date":"2026-04-28T22:28:55","date_gmt":"2026-04-28T22:28:55","guid":{"rendered":"https:\/\/tribunadanoticia.com.br\/blog\/?p=14355"},"modified":"2026-04-28T22:28:55","modified_gmt":"2026-04-28T22:28:55","slug":"governo-do-brasil-libera-r-r-574-milhoes-para-a-construcao-de-22-novas-unidades-de-saude-no-parana","status":"publish","type":"post","link":"https:\/\/tribunadanoticia.com.br\/blog\/2026\/04\/28\/governo-do-brasil-libera-r-r-574-milhoes-para-a-construcao-de-22-novas-unidades-de-saude-no-parana\/","title":{"rendered":"Governo do Brasil libera R$ R$ 57,4 milh\u00f5es para a constru\u00e7\u00e3o de 22 novas unidades de sa\u00fade no Paran\u00e1"},"content":{"rendered":"\n<figure class=\"wp-block-image size-full\"><img loading=\"lazy\" decoding=\"async\" width=\"768\" height=\"510\" src=\"https:\/\/tribunadanoticia.com.br\/blog\/wp-content\/uploads\/2026\/04\/1206745.jpg\" alt=\"\" class=\"wp-image-14356\" srcset=\"https:\/\/tribunadanoticia.com.br\/blog\/wp-content\/uploads\/2026\/04\/1206745.jpg 768w, https:\/\/tribunadanoticia.com.br\/blog\/wp-content\/uploads\/2026\/04\/1206745-300x199.jpg 300w, https:\/\/tribunadanoticia.com.br\/blog\/wp-content\/uploads\/2026\/04\/1206745-730x485.jpg 730w\" sizes=\"auto, (max-width: 768px) 100vw, 768px\" \/><\/figure>\n\n\n\n<p>O Governo do Brasil liberou para o Paran\u00e1 R$ 57,4 milh\u00f5es pelo Novo PAC Sa\u00fade que contemplam 22 obras que devem come\u00e7ar imediatamente. Ser\u00e3o constru\u00eddas no estado 18 Unidades B\u00e1sicas de Sa\u00fade (UBS) e 4 Centros de Aten\u00e7\u00e3o Psicossocial (Caps). A iniciativa marca a maior libera\u00e7\u00e3o imediata de recursos do Novo PAC Sa\u00fade em uma \u00fanica etapa: R$ 1,2 bilh\u00e3o destinados a constru\u00e7\u00e3o de 541 novas unidades de sa\u00fade em 26 estados. Com a articula\u00e7\u00e3o da Uni\u00e3o, com estados e munic\u00edpios, a libera\u00e7\u00e3o desses recursos reafirma o compromisso do Governo do Brasil com a redu\u00e7\u00e3o das desigualdades regionais e a amplia\u00e7\u00e3o do acesso \u00e0 sa\u00fade p\u00fablica de qualidade, evidenciando que a integra\u00e7\u00e3o entre os entes federados \u00e9 essencial para fortalecer o Sistema \u00danico de Sa\u00fade (SUS) e garantir mais equidade no atendimento \u00e0 popula\u00e7\u00e3o brasileira. \u201cAs ordens de servi\u00e7o para a constru\u00e7\u00e3o de unidades de sa\u00fade e Caps em todo o Brasil refor\u00e7am a sa\u00fade como prioridade do presidente Lula. Al\u00e9m da infraestrutura, h\u00e1 investimento em equipamentos que ampliam a capacidade de diagn\u00f3stico e o cuidado com a popula\u00e7\u00e3o. Tamb\u00e9m avan\u00e7amos na amplia\u00e7\u00e3o do Programa Mais M\u00e9dicos em Maring\u00e1, fortalecendo a Aten\u00e7\u00e3o Prim\u00e1ria \u00e0 Sa\u00fade, e trabalhamos para reduzir filas com programas estrat\u00e9gicos do Minist\u00e9rio da Sa\u00fade, como o Agora Tem Especialistas\u201d, disse o secret\u00e1rio-executivo do Minist\u00e9rio da Sa\u00fade, Adriano Massuda.Acesse a lista dos munic\u00edpios contempladosOs recursos liberados hoje integram o programa Agora Tem Especialistas, iniciativa do Governo do Brasil voltado \u00e0 amplia\u00e7\u00e3o do acesso da popula\u00e7\u00e3o a consultas, exames e procedimentos especializados no SUS. O programa atua para reduzir filas e tempo de espera, especialmente em regi\u00f5es com vazios assistenciais, por meio de estrat\u00e9gias como unidades m\u00f3veis de sa\u00fade, mutir\u00f5es e refor\u00e7o da rede de atendimento. Ao levar servi\u00e7os diretamente a munic\u00edpios e \u00e1reas de dif\u00edcil acesso, o programa busca descentralizar o cuidado, acelerar diagn\u00f3sticos e garantir tratamento em tempo oportuno, contribuindo para um atendimento mais \u00e1gil, resolutivo e pr\u00f3ximo das pessoas. O pagamento foi realizado de forma integral, por meio de transfer\u00eancias fundo a fundo, conforme a Portaria GM\/MS n\u00ba 6\/2017. A libera\u00e7\u00e3o est\u00e1 vinculada \u00e0 emiss\u00e3o da Ordem de Servi\u00e7o, refor\u00e7ando o compromisso com a execu\u00e7\u00e3o imediata das obras e maior agilidade na entrega dos resultados. Al\u00e9m de ampliar o acesso da popula\u00e7\u00e3o aos servi\u00e7os do SUS, a iniciativa impulsiona a gera\u00e7\u00e3o de emprego e renda e fortalece a infraestrutura econ\u00f4mica e social do pa\u00eds.  Mais de R$ 32 bilh\u00f5es para fortalecer o SUS O Novo PAC representa o maior programa de investimentos em infraestrutura do Sistema \u00danico de Sa\u00fade. At\u00e9 o momento, o Minist\u00e9rio da Sa\u00fade j\u00e1 destinou R$ 32,2 bilh\u00f5es para obras, equipamentos e ve\u00edculos em todo o pa\u00eds, incluindo a previs\u00e3o de 2.600 Unidades B\u00e1sicas de Sa\u00fade, 330 Centros de Aten\u00e7\u00e3o Psicossocial, 101 policl\u00ednicas, 4.800 ambul\u00e2ncias do SAMU e 800 Unidades Odontol\u00f3gicas M\u00f3veis, al\u00e9m da distribui\u00e7\u00e3o de combos de equipamentos para UBS, fortalecendo a capacidade de atendimento do SUS e ampliando o acesso da popula\u00e7\u00e3o a servi\u00e7os essenciais de sa\u00fade em todas as regi\u00f5es do Brasil. Das Assessorias.<\/p>\n","protected":false},"excerpt":{"rendered":"<p>O Governo do Brasil liberou para o Paran\u00e1 R$ 57,4 milh\u00f5es pelo Novo PAC Sa\u00fade que contemplam 22 obras que devem come\u00e7ar imediatamente. Ser\u00e3o constru\u00eddas no estado 18 Unidades B\u00e1sicas de Sa\u00fade (UBS) e 4 Centros de Aten\u00e7\u00e3o Psicossocial (Caps). A iniciativa marca a maior libera\u00e7\u00e3o imediata de recursos do Novo PAC Sa\u00fade em uma [&hellip;]<\/p>\n","protected":false},"author":1,"featured_media":0,"comment_status":"open","ping_status":"open","sticky":false,"template":"","format":"standard","meta":{"footnotes":""},"categories":[4,41],"tags":[],"class_list":["post-14355","post","type-post","status-publish","format-standard","hentry","category-brasil","category-saude"],"_links":{"self":[{"href":"https:\/\/tribunadanoticia.com.br\/blog\/wp-json\/wp\/v2\/posts\/14355","targetHints":{"allow":["GET"]}}],"collection":[{"href":"https:\/\/tribunadanoticia.com.br\/blog\/wp-json\/wp\/v2\/posts"}],"about":[{"href":"https:\/\/tribunadanoticia.com.br\/blog\/wp-json\/wp\/v2\/types\/post"}],"author":[{"embeddable":true,"href":"https:\/\/tribunadanoticia.com.br\/blog\/wp-json\/wp\/v2\/users\/1"}],"replies":[{"embeddable":true,"href":"https:\/\/tribunadanoticia.com.br\/blog\/wp-json\/wp\/v2\/comments?post=14355"}],"version-history":[{"count":-3,"href":"https:\/\/tribunadanoticia.com.br\/blog\/wp-json\/wp\/v2\/posts\/14355\/revisions"}],"wp:attachment":[{"href":"https:\/\/tribunadanoticia.com.br\/blog\/wp-json\/wp\/v2\/media?parent=14355"}],"wp:term":[{"taxonomy":"category","embeddable":true,"href":"https:\/\/tribunadanoticia.com.br\/blog\/wp-json\/wp\/v2\/categories?post=14355"},{"taxonomy":"post_tag","embeddable":true,"href":"https:\/\/tribunadanoticia.com.br\/blog\/wp-json\/wp\/v2\/tags?post=14355"}],"curies":[{"name":"wp","href":"https:\/\/api.w.org\/{rel}","templated":true}]}}