{"id":14360,"date":"2026-04-30T00:01:29","date_gmt":"2026-04-30T00:01:29","guid":{"rendered":"https:\/\/tribunadanoticia.com.br\/blog\/?p=14360"},"modified":"2026-04-30T00:32:02","modified_gmt":"2026-04-30T00:32:02","slug":"deputado-estadual-evandro-araujo-recebe-a-visita-do-prefeito-lucas-machado-vereador-bruno-lemes-e-o-secretario-lucas-bergmann-na-alep","status":"publish","type":"post","link":"https:\/\/tribunadanoticia.com.br\/blog\/2026\/04\/30\/deputado-estadual-evandro-araujo-recebe-a-visita-do-prefeito-lucas-machado-vereador-bruno-lemes-e-o-secretario-lucas-bergmann-na-alep\/","title":{"rendered":"Deputado Estadual Evandro Ara\u00fajo recebe a visita do prefeito Lucas Machado, vereador Bruno Lemes e o secret\u00e1rio Lucas Bergmann na Alep"},"content":{"rendered":"<div class=\"wp-block-image\">\n<figure class=\"aligncenter size-full\"><img loading=\"lazy\" decoding=\"async\" width=\"400\" height=\"312\" src=\"https:\/\/tribunadanoticia.com.br\/blog\/wp-content\/uploads\/2026\/04\/visita-alep.jpg\" alt=\"\" class=\"wp-image-14361\" srcset=\"https:\/\/tribunadanoticia.com.br\/blog\/wp-content\/uploads\/2026\/04\/visita-alep.jpg 400w, https:\/\/tribunadanoticia.com.br\/blog\/wp-content\/uploads\/2026\/04\/visita-alep-300x234.jpg 300w\" sizes=\"auto, (max-width: 400px) 100vw, 400px\" \/><\/figure>\n<\/div>\n\n\n<p>O deputado Estadual Evandro Ara\u00fajo, (PSD) recebeu no seu gabinete parlamentar nesta quarta- feira, (29) a visita do prefeito municipal de Reserva, Lucas Machado Ribeiro acompanhado do vereador Bruno Lemes e do secret\u00e1rio municipal de planejamento Lucas Santana Bergmann.<\/p>\n\n\n\n<p>Na Assembleia Legislativa do Paran\u00e1 na oportunidade as autoridades atualizaram os projetos em andamento em prol do munic\u00edpio de Reserva que ir\u00e3o beneficiar a popula\u00e7\u00e3o da cidade.<\/p>\n\n\n\n<p>Recentemente o deputado estadual Evandro Ara\u00fajo esteve em Reserva participando da grande inaugura\u00e7\u00e3o na \u00e1rea da sa\u00fade. O novo Pronto Atendimento Municipal (PAM) que recebeu o nome da Dra Silvia Filipaki Biscaia e j\u00e1 esta atendendo os reservenses.<\/p>\n","protected":false},"excerpt":{"rendered":"<p>O deputado Estadual Evandro Ara\u00fajo, (PSD) recebeu no seu gabinete parlamentar nesta quarta- feira, (29) a visita do prefeito municipal de Reserva, Lucas Machado Ribeiro acompanhado do vereador Bruno Lemes e do secret\u00e1rio municipal de planejamento Lucas Santana Bergmann. Na Assembleia Legislativa do Paran\u00e1 na oportunidade as autoridades atualizaram os projetos em andamento em prol [&hellip;]<\/p>\n","protected":false},"author":2,"featured_media":14361,"comment_status":"open","ping_status":"open","sticky":false,"template":"","format":"standard","meta":{"footnotes":""},"categories":[34],"tags":[1396,1582,2236],"class_list":["post-14360","post","type-post","status-publish","format-standard","has-post-thumbnail","hentry","category-politica","tag-noticias","tag-politica","tag-reserva-pr-2"],"_links":{"self":[{"href":"https:\/\/tribunadanoticia.com.br\/blog\/wp-json\/wp\/v2\/posts\/14360","targetHints":{"allow":["GET"]}}],"collection":[{"href":"https:\/\/tribunadanoticia.com.br\/blog\/wp-json\/wp\/v2\/posts"}],"about":[{"href":"https:\/\/tribunadanoticia.com.br\/blog\/wp-json\/wp\/v2\/types\/post"}],"author":[{"embeddable":true,"href":"https:\/\/tribunadanoticia.com.br\/blog\/wp-json\/wp\/v2\/users\/2"}],"replies":[{"embeddable":true,"href":"https:\/\/tribunadanoticia.com.br\/blog\/wp-json\/wp\/v2\/comments?post=14360"}],"version-history":[{"count":-2,"href":"https:\/\/tribunadanoticia.com.br\/blog\/wp-json\/wp\/v2\/posts\/14360\/revisions"}],"wp:featuredmedia":[{"embeddable":true,"href":"https:\/\/tribunadanoticia.com.br\/blog\/wp-json\/wp\/v2\/media\/14361"}],"wp:attachment":[{"href":"https:\/\/tribunadanoticia.com.br\/blog\/wp-json\/wp\/v2\/media?parent=14360"}],"wp:term":[{"taxonomy":"category","embeddable":true,"href":"https:\/\/tribunadanoticia.com.br\/blog\/wp-json\/wp\/v2\/categories?post=14360"},{"taxonomy":"post_tag","embeddable":true,"href":"https:\/\/tribunadanoticia.com.br\/blog\/wp-json\/wp\/v2\/tags?post=14360"}],"curies":[{"name":"wp","href":"https:\/\/api.w.org\/{rel}","templated":true}]}}