{"id":14811,"date":"2026-09-03T00:50:56","date_gmt":"2026-09-03T00:50:56","guid":{"rendered":"https:\/\/tribunadanoticia.com.br\/blog\/?p=14811"},"modified":"2026-09-03T00:50:56","modified_gmt":"2026-09-03T00:50:56","slug":"prefeitura-municipal-de-reserva-esclarece-sobre-a-interrupcao-no-fornecimento-de-energia-eletrica","status":"publish","type":"post","link":"https:\/\/tribunadanoticia.com.br\/blog\/2026\/09\/03\/prefeitura-municipal-de-reserva-esclarece-sobre-a-interrupcao-no-fornecimento-de-energia-eletrica\/","title":{"rendered":"Prefeitura Municipal de Reserva esclarece sobre a interrup\u00e7\u00e3o no fornecimento de energia el\u00e9trica"},"content":{"rendered":"<div class=\"wp-block-image\">\n<figure class=\"aligncenter size-full\"><img loading=\"lazy\" decoding=\"async\" width=\"400\" height=\"533\" src=\"https:\/\/tribunadanoticia.com.br\/blog\/wp-content\/uploads\/2026\/09\/temporal.jpg\" alt=\"\" class=\"wp-image-14812\" srcset=\"https:\/\/tribunadanoticia.com.br\/blog\/wp-content\/uploads\/2026\/09\/temporal.jpg 400w, https:\/\/tribunadanoticia.com.br\/blog\/wp-content\/uploads\/2026\/09\/temporal-225x300.jpg 225w\" sizes=\"auto, (max-width: 400px) 100vw, 400px\" \/><\/figure>\n<\/div>\n\n\n<p class=\"wp-block-paragraph\">A Prefeitura Municipal de Reserva esclarece sobre a interrup\u00e7\u00e3o no fornecimento de energia el\u00e9trica registrada no in\u00edcio da noite da \u00faltima segunda-feira (31) na cidade.<\/p>\n\n\n\n<p class=\"wp-block-paragraph\">Um forte vendaval atingiu as regi\u00f5es de Tel\u00eamaco Borba, Imba\u00fa e Ortigueira, causando severos estragos na infraestrutura da Copel, com queda de postes e torres de transmiss\u00e3o.<\/p>\n\n\n\n<p class=\"wp-block-paragraph\">Na divisa entre os munic\u00edpios, na regi\u00e3o entre o distrito de Jos\u00e9 Lacerda e a localidade de Corrente, em Imba\u00fa, houve a queda de \u00e1rvores que atingiram duas redes que alimentam a subesta\u00e7\u00e3o de Reserva, ocasionando a queda geral no nosso munic\u00edpio.<\/p>\n\n\n\n<p class=\"wp-block-paragraph\">As equipes de manuten\u00e7\u00e3o da Copel foram mobilizadas e trabalharam no local desde a madrugada para realizar os reparos na rede e restabelecer o servi\u00e7o.<\/p>\n\n\n\n<p class=\"wp-block-paragraph\">A Prefeitura segue acompanhando seus desdobramentos.<\/p>\n\n\n\n<p class=\"has-text-align-right wp-block-paragraph\">Da assessoria de comunica\u00e7\u00e3o da Prefeitura Municipal de Reserva.<\/p>\n","protected":false},"excerpt":{"rendered":"<p>A Prefeitura Municipal de Reserva esclarece sobre a interrup\u00e7\u00e3o no fornecimento de energia el\u00e9trica registrada no in\u00edcio da noite da \u00faltima segunda-feira (31) na cidade. Um forte vendaval atingiu as regi\u00f5es de Tel\u00eamaco Borba, Imba\u00fa e Ortigueira, causando severos estragos na infraestrutura da Copel, com queda de postes e torres de transmiss\u00e3o. Na divisa entre [&hellip;]<\/p>\n","protected":false},"author":2,"featured_media":14812,"comment_status":"open","ping_status":"open","sticky":false,"template":"","format":"standard","meta":{"footnotes":""},"categories":[29],"tags":[1396,1779],"class_list":["post-14811","post","type-post","status-publish","format-standard","has-post-thumbnail","hentry","category-noticias","tag-noticias","tag-reserva-pr"],"_links":{"self":[{"href":"https:\/\/tribunadanoticia.com.br\/blog\/wp-json\/wp\/v2\/posts\/14811","targetHints":{"allow":["GET"]}}],"collection":[{"href":"https:\/\/tribunadanoticia.com.br\/blog\/wp-json\/wp\/v2\/posts"}],"about":[{"href":"https:\/\/tribunadanoticia.com.br\/blog\/wp-json\/wp\/v2\/types\/post"}],"author":[{"embeddable":true,"href":"https:\/\/tribunadanoticia.com.br\/blog\/wp-json\/wp\/v2\/users\/2"}],"replies":[{"embeddable":true,"href":"https:\/\/tribunadanoticia.com.br\/blog\/wp-json\/wp\/v2\/comments?post=14811"}],"version-history":[{"count":-3,"href":"https:\/\/tribunadanoticia.com.br\/blog\/wp-json\/wp\/v2\/posts\/14811\/revisions"}],"wp:featuredmedia":[{"embeddable":true,"href":"https:\/\/tribunadanoticia.com.br\/blog\/wp-json\/wp\/v2\/media\/14812"}],"wp:attachment":[{"href":"https:\/\/tribunadanoticia.com.br\/blog\/wp-json\/wp\/v2\/media?parent=14811"}],"wp:term":[{"taxonomy":"category","embeddable":true,"href":"https:\/\/tribunadanoticia.com.br\/blog\/wp-json\/wp\/v2\/categories?post=14811"},{"taxonomy":"post_tag","embeddable":true,"href":"https:\/\/tribunadanoticia.com.br\/blog\/wp-json\/wp\/v2\/tags?post=14811"}],"curies":[{"name":"wp","href":"https:\/\/api.w.org\/{rel}","templated":true}]}}