{"id":14815,"date":"2026-09-03T14:33:59","date_gmt":"2026-09-03T14:33:59","guid":{"rendered":"https:\/\/tribunadanoticia.com.br\/blog\/?p=14815"},"modified":"2026-09-03T14:33:59","modified_gmt":"2026-09-03T14:33:59","slug":"rota-das-capelas-novo-atrativo-turistico-e-esportivo-e-inaugurada-pela-prefeitura-municipal-de-reserva","status":"publish","type":"post","link":"https:\/\/tribunadanoticia.com.br\/blog\/2026\/09\/03\/rota-das-capelas-novo-atrativo-turistico-e-esportivo-e-inaugurada-pela-prefeitura-municipal-de-reserva\/","title":{"rendered":"Rota das Capelas, novo atrativo tur\u00edstico e esportivo, \u00e9 inaugurada pela Prefeitura Municipal de Reserva"},"content":{"rendered":"<div class=\"wp-block-image\">\n<figure class=\"aligncenter size-full\"><img loading=\"lazy\" decoding=\"async\" width=\"400\" height=\"267\" src=\"https:\/\/tribunadanoticia.com.br\/blog\/wp-content\/uploads\/2026\/09\/rota-das-capelas.jpg\" alt=\"\" class=\"wp-image-14816\" srcset=\"https:\/\/tribunadanoticia.com.br\/blog\/wp-content\/uploads\/2026\/09\/rota-das-capelas.jpg 400w, https:\/\/tribunadanoticia.com.br\/blog\/wp-content\/uploads\/2026\/09\/rota-das-capelas-300x200.jpg 300w\" sizes=\"auto, (max-width: 400px) 100vw, 400px\" \/><\/figure>\n<\/div>\n\n\n<p class=\"wp-block-paragraph\">A Prefeitura, por meio da Secretaria de Meio Ambiente, Turismo e Lazer, inaugurou na manh\u00e3 de domingo, dia 30 de agosto, no Parque das Fam\u00edlias, a Rota das Capelas, a 78\u00aa do programa Pedala Paran\u00e1. O percurso fixo de 32,5 quil\u00f4metros contou com a participa\u00e7\u00e3o de 80 ciclistas, moradores e visitantes de Imba\u00fa, Ventania, Ortigueira, Ponta Grossa, Castro e Apucarana, entre outras cidades. A a\u00e7\u00e3o teve tamb\u00e9m a parceria do MTB Reserva.<\/p>\n\n\n\n<p class=\"wp-block-paragraph\">\u201cReserva vai ganhar muito com a inaugura\u00e7\u00e3o dessa ciclorrota. Fico feliz por quem veio e vir\u00e1 de longe, ser\u00e3o sempre muito bem-vindos, mas ainda mais por aqueles que nos impulsionaram aqui dentro do munic\u00edpio a realizar este projeto\u201d, comentou Ana Maria Pachalki.<\/p>\n\n\n\n<p class=\"wp-block-paragraph\">\u201cQueremos agradecer ao apoio da Prefeitura por abra\u00e7ar essa ideia prontamente e atender a um desejo da grande comunidade de praticantes locais. O nosso objetivo \u00e9 fomentar cada vez mais o ciclismo\u201d, disse Rog\u00e9rio Bufren Riva, representante do Pedala Paran\u00e1.<\/p>\n\n\n\n<p class=\"wp-block-paragraph\">Al\u00e9m das belas paisagens, o trajeto conta com aproximadamente 15 capelas. Foram instalados tr\u00eas totens de apoio ao ciclista: o primeiro no Parque das Fam\u00edlias, in\u00edcio do trecho, e os demais nas localidades de Gavi\u00e3o Bonito e Esta\u00e7\u00e3o. A rota termina na cidade. Esses pontos oferecem mapas com a posi\u00e7\u00e3o geogr\u00e1fica, o percurso da ciclorrota e pontos de interesse como servi\u00e7os, com\u00e9rcio e atra\u00e7\u00f5es tur\u00edsticas. Tamb\u00e9m disponibilizam ferramentas para reparos b\u00e1sicos na bicicleta e bomba de ar para pneus.<\/p>\n\n\n\n<p class=\"wp-block-paragraph\">\u201cFoi incr\u00edvel, um pouquinho puxado, mas maravilhoso mesmo. Est\u00e3o todos de parab\u00e9ns: organiza\u00e7\u00e3o, trajeto, tudo muito bonito. Vamos voltar sempre que pudermos para fazer essa rota\u201d, comentou Sueli Freitas, ciclista h\u00e1 quatro anos e moradora de Imba\u00fa.<\/p>\n\n\n\n<p class=\"wp-block-paragraph\">Para quem est\u00e1 come\u00e7ando agora na modalidade, Danilo Pinheiro, de Apucarana deixa um recado. \u201cComece devagar, compre um capacete e uma bicicleta que caiba no seu bolso. A evolu\u00e7\u00e3o vem com disciplina\u201d, incentiva ele.<\/p>\n\n\n\n<p class=\"wp-block-paragraph\">Ainda\u2026<\/p>\n\n\n\n<p class=\"wp-block-paragraph\">O evento inaugural contou ainda com tr\u00eas postos de apoio, caf\u00e9 da manh\u00e3, momento de ora\u00e7\u00e3o conduzido pelo padre Ricardo Mazurek Ternovski e aquecimento com a professora de educa\u00e7\u00e3o f\u00edsica Rosana Maria. Tamb\u00e9m estiveram presentes o secret\u00e1rio Gabriel Chiniski, o diretor de Turismo Alan Pietrochinski, al\u00e9m de Adilson Koizum e Luiz Henrique Martins, representantes do Pedala Paran\u00e1.<\/p>\n\n\n\n<p class=\"has-text-align-right wp-block-paragraph\">Da assessoria de Comunica\u00e7\u00e3o da Prefeitura Municipal de Reserva.<\/p>\n","protected":false},"excerpt":{"rendered":"<p>A Prefeitura, por meio da Secretaria de Meio Ambiente, Turismo e Lazer, inaugurou na manh\u00e3 de domingo, dia 30 de agosto, no Parque das Fam\u00edlias, a Rota das Capelas, a 78\u00aa do programa Pedala Paran\u00e1. O percurso fixo de 32,5 quil\u00f4metros contou com a participa\u00e7\u00e3o de 80 ciclistas, moradores e visitantes de Imba\u00fa, Ventania, Ortigueira, [&hellip;]<\/p>\n","protected":false},"author":2,"featured_media":14816,"comment_status":"open","ping_status":"open","sticky":false,"template":"","format":"standard","meta":{"footnotes":""},"categories":[2166],"tags":[483,853,1396,1779],"class_list":["post-14815","post","type-post","status-publish","format-standard","has-post-thumbnail","hentry","category-ciclismo","tag-ciclismo","tag-eventos","tag-noticias","tag-reserva-pr"],"_links":{"self":[{"href":"https:\/\/tribunadanoticia.com.br\/blog\/wp-json\/wp\/v2\/posts\/14815","targetHints":{"allow":["GET"]}}],"collection":[{"href":"https:\/\/tribunadanoticia.com.br\/blog\/wp-json\/wp\/v2\/posts"}],"about":[{"href":"https:\/\/tribunadanoticia.com.br\/blog\/wp-json\/wp\/v2\/types\/post"}],"author":[{"embeddable":true,"href":"https:\/\/tribunadanoticia.com.br\/blog\/wp-json\/wp\/v2\/users\/2"}],"replies":[{"embeddable":true,"href":"https:\/\/tribunadanoticia.com.br\/blog\/wp-json\/wp\/v2\/comments?post=14815"}],"version-history":[{"count":-4,"href":"https:\/\/tribunadanoticia.com.br\/blog\/wp-json\/wp\/v2\/posts\/14815\/revisions"}],"wp:featuredmedia":[{"embeddable":true,"href":"https:\/\/tribunadanoticia.com.br\/blog\/wp-json\/wp\/v2\/media\/14816"}],"wp:attachment":[{"href":"https:\/\/tribunadanoticia.com.br\/blog\/wp-json\/wp\/v2\/media?parent=14815"}],"wp:term":[{"taxonomy":"category","embeddable":true,"href":"https:\/\/tribunadanoticia.com.br\/blog\/wp-json\/wp\/v2\/categories?post=14815"},{"taxonomy":"post_tag","embeddable":true,"href":"https:\/\/tribunadanoticia.com.br\/blog\/wp-json\/wp\/v2\/tags?post=14815"}],"curies":[{"name":"wp","href":"https:\/\/api.w.org\/{rel}","templated":true}]}}