{"id":14819,"date":"2026-09-05T17:36:10","date_gmt":"2026-09-05T17:36:10","guid":{"rendered":"https:\/\/tribunadanoticia.com.br\/blog\/?p=14819"},"modified":"2026-09-05T17:36:10","modified_gmt":"2026-09-05T17:36:10","slug":"motorista-de-aplicativo-de-reserva-e-morto-a-tiros-no-bairro-sao-francisco","status":"publish","type":"post","link":"https:\/\/tribunadanoticia.com.br\/blog\/2026\/09\/05\/motorista-de-aplicativo-de-reserva-e-morto-a-tiros-no-bairro-sao-francisco\/","title":{"rendered":"Motorista de aplicativo de Reserva \u00e9 morto a tiros no Bairro S\u00e3o Francisco"},"content":{"rendered":"<div class=\"wp-block-image\">\n<figure class=\"aligncenter size-full\"><img loading=\"lazy\" decoding=\"async\" width=\"400\" height=\"321\" src=\"https:\/\/tribunadanoticia.com.br\/blog\/wp-content\/uploads\/2026\/09\/homicidio.jpg\" alt=\"\" class=\"wp-image-14820\" srcset=\"https:\/\/tribunadanoticia.com.br\/blog\/wp-content\/uploads\/2026\/09\/homicidio.jpg 400w, https:\/\/tribunadanoticia.com.br\/blog\/wp-content\/uploads\/2026\/09\/homicidio-300x241.jpg 300w\" sizes=\"auto, (max-width: 400px) 100vw, 400px\" \/><\/figure>\n<\/div>\n\n\n<p class=\"wp-block-paragraph\">Reserva voltou a registrar homic\u00eddio na manh\u00e3 desta sexta- feira, (03) que vitimou o motorista de aplicativo Ludimar de Morais, (48 anos) que foi morto a tiros no interior de seu ve\u00edculo quando foi chamado para realizar um corrida.<\/p>\n\n\n\n<p class=\"wp-block-paragraph\">O crime aconteceu no Bairro S\u00e3o Francisco, onde ap\u00f3s os disparos o ve\u00edculo da v\u00edtima veio a colidir contra um poste. A equipe de socorristas do SAMU foi acionada at\u00e9 mas chegando no local constatou o \u00f3bito.<\/p>\n\n\n\n<p class=\"wp-block-paragraph\">Segundo informa\u00e7\u00f5es o autor dos disparos fugiu a p\u00e9 em dire\u00e7\u00e3o de uma mata. A PM atendeu a ocorr\u00eancia e realizou as buscas na regi\u00e3o com a ajuda de um c\u00e3o farejador mas n\u00e3o encontrou \u00eaxito em localizar o autor do crime.<\/p>\n\n\n\n<p class=\"wp-block-paragraph\">A PM divulgou uma nota e trabalha com a possibilidade que a motiva\u00e7\u00e3o do crime seja uma briga de tr\u00e2nsito onde o suspeito vinha realizando amea\u00e7as de morte para a v\u00edtima.<\/p>\n\n\n\n<p class=\"wp-block-paragraph\">O IML recolheu o corpo e a policia continua investigando o crime. O vel\u00f3rio de Ludimar de Morais foi realizado na Capela Mortu\u00e1ria da TamoioPrev e o sepultamento aconteceu na manh\u00e3 deste s\u00e1bado no Cemit\u00e9rio Municipal.<\/p>\n\n\n\n<p class=\"wp-block-paragraph\">As fam\u00edlias enlutadas os nossos mais sinceros sentimentos da equipe do Jornal Tribuna da Not\u00edcia. Que Deus conforte a todos.<\/p>\n\n\n\n<p class=\"wp-block-paragraph\"><\/p>\n","protected":false},"excerpt":{"rendered":"<p>Reserva voltou a registrar homic\u00eddio na manh\u00e3 desta sexta- feira, (03) que vitimou o motorista de aplicativo Ludimar de Morais, (48 anos) que foi morto a tiros no interior de seu ve\u00edculo quando foi chamado para realizar um corrida. O crime aconteceu no Bairro S\u00e3o Francisco, onde ap\u00f3s os disparos o ve\u00edculo da v\u00edtima veio [&hellip;]<\/p>\n","protected":false},"author":2,"featured_media":14820,"comment_status":"open","ping_status":"open","sticky":false,"template":"","format":"standard","meta":{"footnotes":""},"categories":[33],"tags":[1061,1396,1576,1779],"class_list":["post-14819","post","type-post","status-publish","format-standard","has-post-thumbnail","hentry","category-policiais","tag-homicidio","tag-noticias","tag-policiais","tag-reserva-pr"],"_links":{"self":[{"href":"https:\/\/tribunadanoticia.com.br\/blog\/wp-json\/wp\/v2\/posts\/14819","targetHints":{"allow":["GET"]}}],"collection":[{"href":"https:\/\/tribunadanoticia.com.br\/blog\/wp-json\/wp\/v2\/posts"}],"about":[{"href":"https:\/\/tribunadanoticia.com.br\/blog\/wp-json\/wp\/v2\/types\/post"}],"author":[{"embeddable":true,"href":"https:\/\/tribunadanoticia.com.br\/blog\/wp-json\/wp\/v2\/users\/2"}],"replies":[{"embeddable":true,"href":"https:\/\/tribunadanoticia.com.br\/blog\/wp-json\/wp\/v2\/comments?post=14819"}],"version-history":[{"count":-4,"href":"https:\/\/tribunadanoticia.com.br\/blog\/wp-json\/wp\/v2\/posts\/14819\/revisions"}],"wp:featuredmedia":[{"embeddable":true,"href":"https:\/\/tribunadanoticia.com.br\/blog\/wp-json\/wp\/v2\/media\/14820"}],"wp:attachment":[{"href":"https:\/\/tribunadanoticia.com.br\/blog\/wp-json\/wp\/v2\/media?parent=14819"}],"wp:term":[{"taxonomy":"category","embeddable":true,"href":"https:\/\/tribunadanoticia.com.br\/blog\/wp-json\/wp\/v2\/categories?post=14819"},{"taxonomy":"post_tag","embeddable":true,"href":"https:\/\/tribunadanoticia.com.br\/blog\/wp-json\/wp\/v2\/tags?post=14819"}],"curies":[{"name":"wp","href":"https:\/\/api.w.org\/{rel}","templated":true}]}}